{"id":12753,"date":"2015-05-03T16:42:11","date_gmt":"2015-05-03T14:42:11","guid":{"rendered":"http:\/\/nydalen.idrett.no\/orientering\/?p=12753"},"modified":"2015-05-03T16:42:11","modified_gmt":"2015-05-03T14:42:11","slug":"nydalten-1955","status":"publish","type":"post","link":"https:\/\/nydalen.idrett.no\/orientering\/2015\/05\/03\/nydalten-1955\/","title":{"rendered":"Nydalten 1955"},"content":{"rendered":"<p><a href=\"http:\/\/nydalen.idrett.no\/orientering\/wp-content\/uploads\/2015\/05\/Nydalt-1955-forside.jpg\"><img loading=\"lazy\" decoding=\"async\" class=\"alignleft  wp-image-12754\" src=\"http:\/\/nydalen.idrett.no\/orientering\/wp-content\/uploads\/2015\/05\/Nydalt-1955-forside-348x500.jpg\" alt=\"Nydalt 1955 forside\" width=\"255\" height=\"366\" srcset=\"https:\/\/nydalen.idrett.no\/orientering\/wp-content\/uploads\/2015\/05\/Nydalt-1955-forside-348x500.jpg 348w, https:\/\/nydalen.idrett.no\/orientering\/wp-content\/uploads\/2015\/05\/Nydalt-1955-forside.jpg 405w\" sizes=\"auto, (max-width: 255px) 100vw, 255px\" \/><\/a>NSK har arrangert l\u00f8p i en \u00e5rrekke, det vet de fleste,\u00a0men det var i 1955 at navnet Nydalten s\u00e5 dagens lys, alts\u00e5 for 60 \u00e5r siden. En av deltakerne i 1955 (og definitivt en av o-sportens grand old men), Kjell\u00a0H Eriksen, har sendt oss originalprogrammet fra dette l\u00f8pet.\u00a0Interessant og morsom lesing &#8211; og kanskje noen triks\u00a0\u00e5 plukke opp for dagens arrang\u00f8rer? <!--more-->Hele programmet kan du\u00a0laste ned fra linken under\u00a0(PDF, kan hende du m\u00e5 rotere visningen). For \u00f8vrig er Kjell Eriksen fortsatt meget aktiv p\u00e5 o-l\u00f8p i Fossum-drakten, s\u00e5 han kan sikkert utdype mer om du lurer p\u00e5 noe!<\/p>\n<p><a href=\"http:\/\/nydalen.idrett.no\/orientering\/wp-content\/uploads\/2015\/05\/Nydalten-1955.pdf\">Nydalten 1955<\/a><\/p>\n<p>&nbsp;<\/p>\n","protected":false},"excerpt":{"rendered":"<p>NSK har arrangert l\u00f8p i en \u00e5rrekke, det vet de fleste,\u00a0men det var i 1955 at navnet Nydalten s\u00e5 dagens lys, alts\u00e5 for 60 \u00e5r siden. En av deltakerne i 1955 (og definitivt en av o-sportens grand old men), Kjell\u00a0H &hellip; <a class=\"more-link\" href=\"https:\/\/nydalen.idrett.no\/orientering\/2015\/05\/03\/nydalten-1955\/\">Les videre <span class=\"meta-nav\">&rarr;<\/span><\/a><\/p>\n","protected":false},"author":12,"featured_media":0,"comment_status":"open","ping_status":"closed","sticky":false,"template":"","format":"standard","meta":{"footnotes":""},"categories":[7,15],"tags":[],"class_list":["post-12753","post","type-post","status-publish","format-standard","hentry","category-administrativt","category-o-minner"],"_links":{"self":[{"href":"https:\/\/nydalen.idrett.no\/orientering\/wp-json\/wp\/v2\/posts\/12753","targetHints":{"allow":["GET"]}}],"collection":[{"href":"https:\/\/nydalen.idrett.no\/orientering\/wp-json\/wp\/v2\/posts"}],"about":[{"href":"https:\/\/nydalen.idrett.no\/orientering\/wp-json\/wp\/v2\/types\/post"}],"author":[{"embeddable":true,"href":"https:\/\/nydalen.idrett.no\/orientering\/wp-json\/wp\/v2\/users\/12"}],"replies":[{"embeddable":true,"href":"https:\/\/nydalen.idrett.no\/orientering\/wp-json\/wp\/v2\/comments?post=12753"}],"version-history":[{"count":4,"href":"https:\/\/nydalen.idrett.no\/orientering\/wp-json\/wp\/v2\/posts\/12753\/revisions"}],"predecessor-version":[{"id":12760,"href":"https:\/\/nydalen.idrett.no\/orientering\/wp-json\/wp\/v2\/posts\/12753\/revisions\/12760"}],"wp:attachment":[{"href":"https:\/\/nydalen.idrett.no\/orientering\/wp-json\/wp\/v2\/media?parent=12753"}],"wp:term":[{"taxonomy":"category","embeddable":true,"href":"https:\/\/nydalen.idrett.no\/orientering\/wp-json\/wp\/v2\/categories?post=12753"},{"taxonomy":"post_tag","embeddable":true,"href":"https:\/\/nydalen.idrett.no\/orientering\/wp-json\/wp\/v2\/tags?post=12753"}],"curies":[{"name":"wp","href":"https:\/\/api.w.org\/{rel}","templated":true}]}}