{"id":12307,"date":"2014-11-28T12:39:22","date_gmt":"2014-11-28T11:39:22","guid":{"rendered":"http:\/\/nydalen.idrett.no\/orientering\/?p=12307"},"modified":"2014-11-28T12:39:22","modified_gmt":"2014-11-28T11:39:22","slug":"klart-for-ski-o-sesong-med-vm-pa-hjemmebane","status":"publish","type":"post","link":"https:\/\/nydalen.idrett.no\/orientering\/2014\/11\/28\/klart-for-ski-o-sesong-med-vm-pa-hjemmebane\/","title":{"rendered":"Klart for ski-o sesong med VM p\u00e5 hjemmebane"},"content":{"rendered":"<p>Som sikkert mange vet, er J\u00f8rgen Madslien med i ski-o-landslagets elitegruppe sesongen 2014\/2015 . J\u00f8rgen kommer her med litt forh\u00e5ndstoff foran \u00e5rets sesong:<\/p>\n<p>N\u00e5 har sn\u00f8en begynt \u00e5 legge seg i fjellet, og de mest ivrige har allerede spent p\u00e5 seg skiene og begynt \u00e5 sanke timer med ski p\u00e5 beina. Uansett om m\u00e5let er skirenn i vinter, neste \u00e5rs orienteringsl\u00f8p, eller noe annet kan det v\u00e6re verdt \u00e5 vite at i vinter arrangeres VM, Junior-VM og Ungdoms-EM i ski-orientering p\u00e5 hjemmebane, <!--more-->n\u00e6rmere bestemt p\u00e5 Budor fra 9. til 15. februar.<\/p>\n<p>Helgen 13. til 15. februar arrangeres det parallelt med dette Ski-O Treff, som er Norges st\u00f8rste ski-o arrangement, og et naturlig sted for Nydalen \u00e5 stille med mange ski-o l\u00f8pere. Med det kan man ogs\u00e5 stille opp og heie frem det norske laget mot suksess mot internasjonal konkurranse, forh\u00e5pentligvis med flere innslag av burgunderfargede l\u00f8pere!<\/p>\n<p>Personlig skal jeg fors\u00f8ke \u00e5 kvalifisere meg til senior-VM, men jeg kan se for meg at vi har mange juniorer og \u00abungdommer\u00bb som har enda bedre sjanser til \u00e5 f\u00e5 g\u00e5 henholdsvis junior-VM (f\u00f8dt 1995-1998) og Ungdoms-EM (f\u00f8dt 1998). Samtidig kan jeg se for meg at vi lett kan v\u00e6re klubben med flest deltakere p\u00e5 Ski-O Treff, og v\u00e6re st\u00f8rst heiagjeng for egne ut\u00f8vere p\u00e5 VM og EM.<\/p>\n<p>F\u00f8r den tid er det verdt \u00e5 merke seg at det er \u00e5pningssamling for ungdom og juniorer p\u00e5 Sjusj\u00f8en i forbindelse med sesongens f\u00f8rste renn der, en samling jeg kan anbefale p\u00e5 det varmeste. Samlingen varer fra fredag kveld Link til samling ligger nederst p\u00e5 siden her, og om noen har sp\u00f8rsm\u00e5l ang\u00e5ende samlingen eller ski-orientering generelt er det bare \u00e5 ta kontakt med meg for tips og triks.<\/p>\n<p>Videre i vinter vil det v\u00e6re konkurranser p\u00e5 Lygna og G\u00e5l\u00e5 de to f\u00f8rste helgene i januar, henholdsvis 3.-4. og 10.-11. P\u00e5 G\u00e5l\u00e5 kan det nevnes at det er Hovedl\u00f8p for aldersgruppene 14-16 \u00e5r, og NM stafett for damer og herrer senior (D\/H-17 klasse). I begge disse konkurransene \u00f8nsker vi i Nydalen \u00e5 stille med mange ut\u00f8vere\/lag, og h\u00e5per mange tar turen til G\u00e5l\u00e5 for \u00e5 hente medaljene hjem til Oslo.<\/p>\n<p>Etter dette er det et NM for junior og senior i Trondheim helgen 31. januar-1. februar, f\u00f8r sesongen avsluttes p\u00e5 Budor som tidligere nevnt. I tillegg er det for senior et EM i Sveits i midten av januar, hvor b\u00e5de Jonas MB og undertegnede har mulighet til \u00e5 kvalifisere seg, og et milit\u00e6rt VM i Sverige i slutten av mars.<\/p>\n<p>Med det anbefaler jeg alle \u00e5 bli med p\u00e5 ski-orientering i vinter, enten du har v\u00e6rt med tidligere eller er helt uerfaren.<\/p>\n<p>Og husk; Ski-o er moro!!<\/p>\n<p>J\u00f8rgen<\/p>\n<p>&nbsp;<\/p>\n","protected":false},"excerpt":{"rendered":"<p>Som sikkert mange vet, er J\u00f8rgen Madslien med i ski-o-landslagets elitegruppe sesongen 2014\/2015 . J\u00f8rgen kommer her med litt forh\u00e5ndstoff foran \u00e5rets sesong: N\u00e5 har sn\u00f8en begynt \u00e5 legge seg i fjellet, og de mest ivrige har allerede spent p\u00e5 &hellip; <a class=\"more-link\" href=\"https:\/\/nydalen.idrett.no\/orientering\/2014\/11\/28\/klart-for-ski-o-sesong-med-vm-pa-hjemmebane\/\">Les videre <span class=\"meta-nav\">&rarr;<\/span><\/a><\/p>\n","protected":false},"author":4,"featured_media":0,"comment_status":"open","ping_status":"closed","sticky":false,"template":"","format":"standard","meta":{"footnotes":""},"categories":[4,10,20],"tags":[],"class_list":["post-12307","post","type-post","status-publish","format-standard","hentry","category-elite","category-sportslig","category-ungdom-13-16-ar"],"_links":{"self":[{"href":"https:\/\/nydalen.idrett.no\/orientering\/wp-json\/wp\/v2\/posts\/12307","targetHints":{"allow":["GET"]}}],"collection":[{"href":"https:\/\/nydalen.idrett.no\/orientering\/wp-json\/wp\/v2\/posts"}],"about":[{"href":"https:\/\/nydalen.idrett.no\/orientering\/wp-json\/wp\/v2\/types\/post"}],"author":[{"embeddable":true,"href":"https:\/\/nydalen.idrett.no\/orientering\/wp-json\/wp\/v2\/users\/4"}],"replies":[{"embeddable":true,"href":"https:\/\/nydalen.idrett.no\/orientering\/wp-json\/wp\/v2\/comments?post=12307"}],"version-history":[{"count":1,"href":"https:\/\/nydalen.idrett.no\/orientering\/wp-json\/wp\/v2\/posts\/12307\/revisions"}],"predecessor-version":[{"id":12308,"href":"https:\/\/nydalen.idrett.no\/orientering\/wp-json\/wp\/v2\/posts\/12307\/revisions\/12308"}],"wp:attachment":[{"href":"https:\/\/nydalen.idrett.no\/orientering\/wp-json\/wp\/v2\/media?parent=12307"}],"wp:term":[{"taxonomy":"category","embeddable":true,"href":"https:\/\/nydalen.idrett.no\/orientering\/wp-json\/wp\/v2\/categories?post=12307"},{"taxonomy":"post_tag","embeddable":true,"href":"https:\/\/nydalen.idrett.no\/orientering\/wp-json\/wp\/v2\/tags?post=12307"}],"curies":[{"name":"wp","href":"https:\/\/api.w.org\/{rel}","templated":true}]}}