{"id":12195,"date":"2014-10-24T22:39:00","date_gmt":"2014-10-24T20:39:00","guid":{"rendered":"http:\/\/nydalen.idrett.no\/orientering\/?p=12195"},"modified":"2014-11-05T18:47:54","modified_gmt":"2014-11-05T17:47:54","slug":"gubbefesten-naermer-seg","status":"publish","type":"post","link":"https:\/\/nydalen.idrett.no\/orientering\/2014\/10\/24\/gubbefesten-naermer-seg\/","title":{"rendered":"Gubbefesten n\u00e6rmer seg&#8230;"},"content":{"rendered":"<p>Regnet \u00f8ser ned, m\u00f8rket siger inn. Men fortvil ikke &#8211; den hardtarbeidende festkomiteen har nyheter til deg! 1. november blir det Gubbe, kj\u00e6rring og foreldrefest p\u00e5 Korsvollhuset. <!--more--><br \/>\nDet blir velkomstdrikk med stett, det blir kick-ass gubbequiz og guacamolen vil\u00a0v\u00e6re klar til bordsettingen! Blir det noe nytt og orginalt p\u00e5 underholdningsfronten? Er det i \u00e5r du endelig skal f\u00e5 en pris? Og ja, det er han kjekke typen til Charlotte Frogner som er DJ i \u00e5r ogs\u00e5!!<\/p>\n<p>Hva?! har du enn\u00e5 ikke meldt deg p\u00e5? Klikk her n\u00e5 f\u00f8r det blir fullt: <a title=\"P\u00e5melding\" href=\"http:\/\/palisoft.no\/pmdb\/index.php?arrid=2768&amp;lang=N\" target=\"_blank\">P\u00e5melding<\/a><\/p>\n<p><a href=\"http:\/\/nydalen.idrett.no\/orientering\/wp-content\/uploads\/2014\/10\/GK-innbydelse-2014_ver2-2.pdf\">Innbydelse 2014<\/a><\/p>\n<p>Enten du identifiserer deg mest med begrepet o-gubbe, o-kj\u00e6rring eller o-forelder er du hjertelig\u00a0velkommen. Aldersgrensen er 35 \u00e5r (men det ut\u00f8ves skj\u00f8nn i d\u00f8ra).<\/p>\n<p>&nbsp;<\/p>\n","protected":false},"excerpt":{"rendered":"<p>Regnet \u00f8ser ned, m\u00f8rket siger inn. Men fortvil ikke &#8211; den hardtarbeidende festkomiteen har nyheter til deg! 1. november blir det Gubbe, kj\u00e6rring og foreldrefest p\u00e5 Korsvollhuset.<\/p>\n","protected":false},"author":49,"featured_media":0,"comment_status":"open","ping_status":"closed","sticky":false,"template":"","format":"standard","meta":{"footnotes":""},"categories":[6,48],"tags":[],"class_list":["post-12195","post","type-post","status-publish","format-standard","hentry","category-sosialt","category-veteraner"],"_links":{"self":[{"href":"https:\/\/nydalen.idrett.no\/orientering\/wp-json\/wp\/v2\/posts\/12195","targetHints":{"allow":["GET"]}}],"collection":[{"href":"https:\/\/nydalen.idrett.no\/orientering\/wp-json\/wp\/v2\/posts"}],"about":[{"href":"https:\/\/nydalen.idrett.no\/orientering\/wp-json\/wp\/v2\/types\/post"}],"author":[{"embeddable":true,"href":"https:\/\/nydalen.idrett.no\/orientering\/wp-json\/wp\/v2\/users\/49"}],"replies":[{"embeddable":true,"href":"https:\/\/nydalen.idrett.no\/orientering\/wp-json\/wp\/v2\/comments?post=12195"}],"version-history":[{"count":8,"href":"https:\/\/nydalen.idrett.no\/orientering\/wp-json\/wp\/v2\/posts\/12195\/revisions"}],"predecessor-version":[{"id":12226,"href":"https:\/\/nydalen.idrett.no\/orientering\/wp-json\/wp\/v2\/posts\/12195\/revisions\/12226"}],"wp:attachment":[{"href":"https:\/\/nydalen.idrett.no\/orientering\/wp-json\/wp\/v2\/media?parent=12195"}],"wp:term":[{"taxonomy":"category","embeddable":true,"href":"https:\/\/nydalen.idrett.no\/orientering\/wp-json\/wp\/v2\/categories?post=12195"},{"taxonomy":"post_tag","embeddable":true,"href":"https:\/\/nydalen.idrett.no\/orientering\/wp-json\/wp\/v2\/tags?post=12195"}],"curies":[{"name":"wp","href":"https:\/\/api.w.org\/{rel}","templated":true}]}}