{"id":1191,"date":"2010-12-14T09:54:20","date_gmt":"2010-12-14T08:54:20","guid":{"rendered":"http:\/\/nydalen.idrett.no\/orientering\/?p=1191"},"modified":"2011-04-28T16:46:17","modified_gmt":"2011-04-28T14:46:17","slug":"nytt-fra-o-gruppas-arsm%c3%b8te","status":"publish","type":"post","link":"https:\/\/nydalen.idrett.no\/orientering\/2010\/12\/14\/nytt-fra-o-gruppas-arsm%c3%b8te\/","title":{"rendered":"Nytt fra o-gruppas \u00e5rsm\u00f8te"},"content":{"rendered":"<p><a rel=\"attachment wp-att-1192\" href=\"http:\/\/nydalen.idrett.no\/orientering\/2010\/12\/14\/nytt-fra-o-gruppas-arsm%c3%b8te\/hederogaere600\/\"><img loading=\"lazy\" decoding=\"async\" class=\"alignnone size-medium wp-image-1192\" title=\"HederOgAere600\" src=\"http:\/\/nydalen.idrett.no\/orientering\/wp-content\/uploads\/2010\/12\/HederOgAere600-500x326.jpg\" alt=\"\" width=\"500\" height=\"326\" srcset=\"https:\/\/nydalen.idrett.no\/orientering\/wp-content\/uploads\/2010\/12\/HederOgAere600-500x326.jpg 500w, https:\/\/nydalen.idrett.no\/orientering\/wp-content\/uploads\/2010\/12\/HederOgAere600.jpg 600w\" sizes=\"auto, (max-width: 500px) 100vw, 500px\" \/><\/a><\/p>\n<p>Vinnerne fra Hovedl\u00f8pet i ski-o 2010 fikk heder og \u00e6re og hvert sitt gavekort fra Oslo Sportslager i forbindelse med o-gruppas \u00e5rsm\u00f8te.\u00a0 Handlingsplan og budsjett ble bifalt, og det ble valgt et nytt styre. <!--more--><\/p>\n<p>En liten gruppe engasjerte medlemmer m\u00f8tte til \u00e5rsm\u00f8te p\u00e5 Dampen tirsdag kveld.\u00a0\u00a0F\u00f8r m\u00f8tet fikk v\u00e5re fire vinnere fra Hovedl\u00f8pet i ski-o 2010\u00a0(Aksel M, J\u00f8rgen M, Jonas MB og Anine A)\u00a0heder og \u00e6re og hvert sitt gavekort fra Oslo Sportslager.<\/p>\n<p>Med noen presiseringer i forhold til forslaget, fikk det nye styret en ambisi\u00f8s handlingsplan \u00e5 ta tak i.\u00a0 Forel\u00f8pig regnskap og budsjett for 2011 ble bifalt.<\/p>\n<p>Jon Iver Bakken (sportslig utvalg), \u00a0Anne Myhr (\u00f8konomi\/markedsutvalg) og \u00d8yvind Due Trier (kart) ble valgt inn i o-gruppas styre.\u00a0 \u00d8yvind har allerede god erfaring i \u00e5 lede kartarbeidet, og fra n\u00e5 av har kartgruppa fast plass i styret. Anne Madslien (barn og ungdom) tok gjenvalg for 2 nye \u00e5r. Helge Stubberud (arrangement) og Anne Berit Eid (leder) var ikke p\u00e5 valg.<\/p>\n<p>Den nye taburetten for KulTur st\u00e5r fortsatt tom, og styret har fullmakt til \u00e5 finne en sosial administrator til denne.\u00a0 Er det noen der ute som er nysjerrige p\u00e5 hva dette inneb\u00e6rer?\u00a0 Ta kontakt.<\/p>\n<p>Synn\u00f8ve Sandberg er blitt v\u00e5r nye \u201dOnkel Skrue\u201d som skal passe pengebingen.<\/p>\n<p>En stor takk for innsatsen til Gjermund Glesnes og Per \u00d8yvind Stene som forlater lederskapet i henholdsvis \u00f8konomi\/markedsutvalget og sportslig utvalg, og til Ola Lindqvist som har sluttet som kasserer.<\/p>\n<p>Oppgavene st\u00e5r i k\u00f8, og vi er klare til \u00e5 sette i gang!<\/p>\n<p>Anne Berit<\/p>\n","protected":false},"excerpt":{"rendered":"<p>Vinnerne fra Hovedl\u00f8pet i ski-o 2010 fikk heder og \u00e6re og hvert sitt gavekort fra Oslo Sportslager i forbindelse med o-gruppas \u00e5rsm\u00f8te.\u00a0 Handlingsplan og budsjett ble bifalt, og det ble valgt et nytt styre.<\/p>\n","protected":false},"author":4,"featured_media":0,"comment_status":"open","ping_status":"closed","sticky":false,"template":"","format":"standard","meta":{"footnotes":""},"categories":[7],"tags":[],"class_list":["post-1191","post","type-post","status-publish","format-standard","hentry","category-administrativt"],"_links":{"self":[{"href":"https:\/\/nydalen.idrett.no\/orientering\/wp-json\/wp\/v2\/posts\/1191","targetHints":{"allow":["GET"]}}],"collection":[{"href":"https:\/\/nydalen.idrett.no\/orientering\/wp-json\/wp\/v2\/posts"}],"about":[{"href":"https:\/\/nydalen.idrett.no\/orientering\/wp-json\/wp\/v2\/types\/post"}],"author":[{"embeddable":true,"href":"https:\/\/nydalen.idrett.no\/orientering\/wp-json\/wp\/v2\/users\/4"}],"replies":[{"embeddable":true,"href":"https:\/\/nydalen.idrett.no\/orientering\/wp-json\/wp\/v2\/comments?post=1191"}],"version-history":[{"count":6,"href":"https:\/\/nydalen.idrett.no\/orientering\/wp-json\/wp\/v2\/posts\/1191\/revisions"}],"predecessor-version":[{"id":2282,"href":"https:\/\/nydalen.idrett.no\/orientering\/wp-json\/wp\/v2\/posts\/1191\/revisions\/2282"}],"wp:attachment":[{"href":"https:\/\/nydalen.idrett.no\/orientering\/wp-json\/wp\/v2\/media?parent=1191"}],"wp:term":[{"taxonomy":"category","embeddable":true,"href":"https:\/\/nydalen.idrett.no\/orientering\/wp-json\/wp\/v2\/categories?post=1191"},{"taxonomy":"post_tag","embeddable":true,"href":"https:\/\/nydalen.idrett.no\/orientering\/wp-json\/wp\/v2\/tags?post=1191"}],"curies":[{"name":"wp","href":"https:\/\/api.w.org\/{rel}","templated":true}]}}