{"id":11878,"date":"2014-08-31T19:21:04","date_gmt":"2014-08-31T17:21:04","guid":{"rendered":"http:\/\/nydalen.idrett.no\/orientering\/?p=11878"},"modified":"2014-08-31T23:10:47","modified_gmt":"2014-08-31T21:10:47","slug":"best-i-byn-2","status":"publish","type":"post","link":"https:\/\/nydalen.idrett.no\/orientering\/2014\/08\/31\/best-i-byn-2\/","title":{"rendered":"Best i by&#8217;n!"},"content":{"rendered":"<p>Denne KM-helga fikk vi vist at vi er flest og best i byen og kretsen. Med seire i KM stafettene i begge seniorklassene, gutter 13-16 og 1. og 3. plass i D11-12 og 1. 3. og 4. i H11-12 var det ikke tvil om hvem som behersket det raske Sarpeterrenget best. Gratulerer til alle! Bilder f\u00f8lger:<!--more--><\/p>\n<div id=\"attachment_11883\" style=\"width: 510px\" class=\"wp-caption alignnone\"><a href=\"http:\/\/nydalen.idrett.no\/orientering\/wp-content\/uploads\/2014\/08\/D-12-2.jpg\"><img loading=\"lazy\" decoding=\"async\" aria-describedby=\"caption-attachment-11883\" class=\"size-medium wp-image-11883\" src=\"http:\/\/nydalen.idrett.no\/orientering\/wp-content\/uploads\/2014\/08\/D-12-2-500x375.jpg\" alt=\"Oda og Yngvild \u00f8verst p\u00e5 pallen og Ea som sammen med Theresa som kom p\u00e5 tredje.\" width=\"500\" height=\"375\" srcset=\"https:\/\/nydalen.idrett.no\/orientering\/wp-content\/uploads\/2014\/08\/D-12-2-500x375.jpg 500w, https:\/\/nydalen.idrett.no\/orientering\/wp-content\/uploads\/2014\/08\/D-12-2-962x721.jpg 962w, https:\/\/nydalen.idrett.no\/orientering\/wp-content\/uploads\/2014\/08\/D-12-2.jpg 1024w\" sizes=\"auto, (max-width: 500px) 100vw, 500px\" \/><\/a><p id=\"caption-attachment-11883\" class=\"wp-caption-text\">Oda og Yngvild \u00f8verst p\u00e5 pallen og Ea som sammen med Theresa kom p\u00e5 tredje.<\/p><\/div>\n<div id=\"attachment_11885\" style=\"width: 510px\" class=\"wp-caption alignnone\"><a href=\"http:\/\/nydalen.idrett.no\/orientering\/wp-content\/uploads\/2014\/08\/D-17.jpg\"><img loading=\"lazy\" decoding=\"async\" aria-describedby=\"caption-attachment-11885\" class=\"size-medium wp-image-11885\" src=\"http:\/\/nydalen.idrett.no\/orientering\/wp-content\/uploads\/2014\/08\/D-17-500x375.jpg\" alt=\"Kretsemesterne i D17, Anine, Siri og Anne Margrethe\" width=\"500\" height=\"375\" srcset=\"https:\/\/nydalen.idrett.no\/orientering\/wp-content\/uploads\/2014\/08\/D-17-500x375.jpg 500w, https:\/\/nydalen.idrett.no\/orientering\/wp-content\/uploads\/2014\/08\/D-17.jpg 800w\" sizes=\"auto, (max-width: 500px) 100vw, 500px\" \/><\/a><p id=\"caption-attachment-11885\" class=\"wp-caption-text\">Kretsmesterne i D17, Siri, Anne Margrethe og Anine<\/p><\/div>\n<div id=\"attachment_11886\" style=\"width: 510px\" class=\"wp-caption alignnone\"><a href=\"http:\/\/nydalen.idrett.no\/orientering\/wp-content\/uploads\/2014\/08\/H-13-16.jpg\"><img loading=\"lazy\" decoding=\"async\" aria-describedby=\"caption-attachment-11886\" class=\"size-medium wp-image-11886\" src=\"http:\/\/nydalen.idrett.no\/orientering\/wp-content\/uploads\/2014\/08\/H-13-16-500x375.jpg\" alt=\"Kretsmesterne Eirik, Gjermund og Lukas i H13-16 med stolt trener Sondre.\" width=\"500\" height=\"375\" srcset=\"https:\/\/nydalen.idrett.no\/orientering\/wp-content\/uploads\/2014\/08\/H-13-16-500x375.jpg 500w, https:\/\/nydalen.idrett.no\/orientering\/wp-content\/uploads\/2014\/08\/H-13-16.jpg 800w\" sizes=\"auto, (max-width: 500px) 100vw, 500px\" \/><\/a><p id=\"caption-attachment-11886\" class=\"wp-caption-text\">Kretsmesterne Eirik, Gjermund og Lukas i H13-16 med stolt trener Sondre.<\/p><\/div>\n<div id=\"attachment_11887\" style=\"width: 510px\" class=\"wp-caption alignnone\"><a href=\"http:\/\/nydalen.idrett.no\/orientering\/wp-content\/uploads\/2014\/08\/H-17.jpg\"><img loading=\"lazy\" decoding=\"async\" aria-describedby=\"caption-attachment-11887\" class=\"size-medium wp-image-11887\" src=\"http:\/\/nydalen.idrett.no\/orientering\/wp-content\/uploads\/2014\/08\/H-17-500x375.jpg\" alt=\"Kretsmesterne i senior menn Halvor, Jostein og Anders\" width=\"500\" height=\"375\" srcset=\"https:\/\/nydalen.idrett.no\/orientering\/wp-content\/uploads\/2014\/08\/H-17-500x375.jpg 500w, https:\/\/nydalen.idrett.no\/orientering\/wp-content\/uploads\/2014\/08\/H-17.jpg 800w\" sizes=\"auto, (max-width: 500px) 100vw, 500px\" \/><\/a><p id=\"caption-attachment-11887\" class=\"wp-caption-text\">Kretsmesterne i senior menn Halvor, Jostein og Anders<\/p><\/div>\n<div id=\"attachment_11893\" style=\"width: 585px\" class=\"wp-caption alignnone\"><a href=\"http:\/\/nydalen.idrett.no\/orientering\/2014\/08\/31\/best-i-byn-2\/kmstafett_h1112\/\" rel=\"attachment wp-att-11893\"><img loading=\"lazy\" decoding=\"async\" aria-describedby=\"caption-attachment-11893\" class=\"size-full wp-image-11893\" src=\"http:\/\/nydalen.idrett.no\/orientering\/wp-content\/uploads\/2014\/08\/KMStafett_H1112.jpg\" alt=\"Gutta i H11-12. Fra venstre: Kornelius, Teodor, Ole Jakob, Joakim, Kasper og foran ligger Gaute.\" width=\"575\" height=\"463\" srcset=\"https:\/\/nydalen.idrett.no\/orientering\/wp-content\/uploads\/2014\/08\/KMStafett_H1112.jpg 575w, https:\/\/nydalen.idrett.no\/orientering\/wp-content\/uploads\/2014\/08\/KMStafett_H1112-500x402.jpg 500w\" sizes=\"auto, (max-width: 575px) 100vw, 575px\" \/><\/a><p id=\"caption-attachment-11893\" class=\"wp-caption-text\">Gutta i H11-12. Fra venstre: Kornelius, Teodor, Ole Jakob, Joakim, Kasper og foran ligger Gaute.<\/p><\/div>\n<p>&nbsp;<\/p>\n","protected":false},"excerpt":{"rendered":"<p>Denne KM-helga fikk vi vist at vi er flest og best i byen og kretsen. Med seire i KM stafettene i begge seniorklassene, gutter 13-16 og 1. og 3. plass i D11-12 og 1. 3. og 4. i H11-12 var &hellip; <a class=\"more-link\" href=\"https:\/\/nydalen.idrett.no\/orientering\/2014\/08\/31\/best-i-byn-2\/\">Les videre <span class=\"meta-nav\">&rarr;<\/span><\/a><\/p>\n","protected":false},"author":41,"featured_media":0,"comment_status":"open","ping_status":"closed","sticky":false,"template":"","format":"standard","meta":{"footnotes":""},"categories":[19,6,10,20],"tags":[],"class_list":["post-11878","post","type-post","status-publish","format-standard","hentry","category-rekrutter-8-12-ar","category-sosialt","category-sportslig","category-ungdom-13-16-ar"],"_links":{"self":[{"href":"https:\/\/nydalen.idrett.no\/orientering\/wp-json\/wp\/v2\/posts\/11878","targetHints":{"allow":["GET"]}}],"collection":[{"href":"https:\/\/nydalen.idrett.no\/orientering\/wp-json\/wp\/v2\/posts"}],"about":[{"href":"https:\/\/nydalen.idrett.no\/orientering\/wp-json\/wp\/v2\/types\/post"}],"author":[{"embeddable":true,"href":"https:\/\/nydalen.idrett.no\/orientering\/wp-json\/wp\/v2\/users\/41"}],"replies":[{"embeddable":true,"href":"https:\/\/nydalen.idrett.no\/orientering\/wp-json\/wp\/v2\/comments?post=11878"}],"version-history":[{"count":8,"href":"https:\/\/nydalen.idrett.no\/orientering\/wp-json\/wp\/v2\/posts\/11878\/revisions"}],"predecessor-version":[{"id":11895,"href":"https:\/\/nydalen.idrett.no\/orientering\/wp-json\/wp\/v2\/posts\/11878\/revisions\/11895"}],"wp:attachment":[{"href":"https:\/\/nydalen.idrett.no\/orientering\/wp-json\/wp\/v2\/media?parent=11878"}],"wp:term":[{"taxonomy":"category","embeddable":true,"href":"https:\/\/nydalen.idrett.no\/orientering\/wp-json\/wp\/v2\/categories?post=11878"},{"taxonomy":"post_tag","embeddable":true,"href":"https:\/\/nydalen.idrett.no\/orientering\/wp-json\/wp\/v2\/tags?post=11878"}],"curies":[{"name":"wp","href":"https:\/\/api.w.org\/{rel}","templated":true}]}}