{"id":11667,"date":"2014-08-06T15:33:52","date_gmt":"2014-08-06T13:33:52","guid":{"rendered":"http:\/\/nydalen.idrett.no\/orientering\/?p=11667"},"modified":"2015-12-09T10:43:09","modified_gmt":"2015-12-09T09:43:09","slug":"sorlandsgaloppenjwoc-2015","status":"publish","type":"post","link":"https:\/\/nydalen.idrett.no\/orientering\/2014\/08\/06\/sorlandsgaloppenjwoc-2015\/","title":{"rendered":"S\u00f8rlandsgaloppen\/JWOC 2015"},"content":{"rendered":"<p>Sommerferien, og dertil feriel\u00f8p, er over for denne gang. Nydalens SK planlegger allerede neste \u00e5rs feriel\u00f8p! <!--more--><\/p>\n<p>Junior World Orientering Championchip finner sted i norge og p\u00e5 Rauland neste \u00e5r. Det samme gj\u00f8r S\u00f8rlandsgaloppen som er publikumsl\u00f8p. Vi \u00f8nsker \u00e5 samle flest mulig til klubbtur og deltakelse p\u00e5 S\u00f8rlandsgaloppen 4-10 juli 2015.<\/p>\n<p>Det er allerede reservert overnattingsplasser p\u00e5 Raulandsakademiet. <a href=\"http:\/\/www.visitrauland.com\/Aktoer\/Raulandsakademiet\" target=\"_blank\">http:\/\/www.visitrauland.com\/Aktoer\/Raulandsakademiet<\/a>. Det er derfor viktig \u00e5 f\u00e5 en tidlig oversikt over hvor mange som \u00f8nsker \u00e5 delta p\u00e5 felles overnatting!<\/p>\n<p>Se p\u00e5melding og info:<\/p>\n<p><a href=\"http:\/\/eventor.orientering.no\/Activities\/Show\/889\" target=\"_blank\">http:\/\/eventor.orientering.no\/Activities\/Show\/889<\/a><\/p>\n<p>Det g\u00e5r an p\u00e5 Rauland \ud83d\ude1b<\/p>\n","protected":false},"excerpt":{"rendered":"<p>Sommerferien, og dertil feriel\u00f8p, er over for denne gang. Nydalens SK planlegger allerede neste \u00e5rs feriel\u00f8p!<\/p>\n","protected":false},"author":42,"featured_media":0,"comment_status":"open","ping_status":"closed","sticky":false,"template":"","format":"standard","meta":{"footnotes":""},"categories":[4,35,19,6,10,20,48],"tags":[],"class_list":["post-11667","post","type-post","status-publish","format-standard","hentry","category-elite","category-klubbturer","category-rekrutter-8-12-ar","category-sosialt","category-sportslig","category-ungdom-13-16-ar","category-veteraner"],"_links":{"self":[{"href":"https:\/\/nydalen.idrett.no\/orientering\/wp-json\/wp\/v2\/posts\/11667","targetHints":{"allow":["GET"]}}],"collection":[{"href":"https:\/\/nydalen.idrett.no\/orientering\/wp-json\/wp\/v2\/posts"}],"about":[{"href":"https:\/\/nydalen.idrett.no\/orientering\/wp-json\/wp\/v2\/types\/post"}],"author":[{"embeddable":true,"href":"https:\/\/nydalen.idrett.no\/orientering\/wp-json\/wp\/v2\/users\/42"}],"replies":[{"embeddable":true,"href":"https:\/\/nydalen.idrett.no\/orientering\/wp-json\/wp\/v2\/comments?post=11667"}],"version-history":[{"count":7,"href":"https:\/\/nydalen.idrett.no\/orientering\/wp-json\/wp\/v2\/posts\/11667\/revisions"}],"predecessor-version":[{"id":11722,"href":"https:\/\/nydalen.idrett.no\/orientering\/wp-json\/wp\/v2\/posts\/11667\/revisions\/11722"}],"wp:attachment":[{"href":"https:\/\/nydalen.idrett.no\/orientering\/wp-json\/wp\/v2\/media?parent=11667"}],"wp:term":[{"taxonomy":"category","embeddable":true,"href":"https:\/\/nydalen.idrett.no\/orientering\/wp-json\/wp\/v2\/categories?post=11667"},{"taxonomy":"post_tag","embeddable":true,"href":"https:\/\/nydalen.idrett.no\/orientering\/wp-json\/wp\/v2\/tags?post=11667"}],"curies":[{"name":"wp","href":"https:\/\/api.w.org\/{rel}","templated":true}]}}