{"id":10820,"date":"2014-02-21T09:55:11","date_gmt":"2014-02-21T08:55:11","guid":{"rendered":"http:\/\/nydalen.idrett.no\/orientering\/?p=10820"},"modified":"2014-02-21T09:55:11","modified_gmt":"2014-02-21T08:55:11","slug":"jonas-med-gull-i-junior-vm-ski-o","status":"publish","type":"post","link":"https:\/\/nydalen.idrett.no\/orientering\/2014\/02\/21\/jonas-med-gull-i-junior-vm-ski-o\/","title":{"rendered":"Jonas med gull i junior-VM ski-o!"},"content":{"rendered":"<p>Gratulerer Jonas med\u00a0gull p\u00e5 mellomdistansen i junior VM i ski-o! Gratulerer ogs\u00e5 til J\u00f8rgen med en sterk 5. plass i g\u00e5rsdagens langdistanse med skibrekk! Imponerende innsats gutter! Lykke til videre!<\/p>\n","protected":false},"excerpt":{"rendered":"<p>Gratulerer Jonas med\u00a0gull p\u00e5 mellomdistansen i junior VM i ski-o! Gratulerer ogs\u00e5 til J\u00f8rgen med en sterk 5. plass i g\u00e5rsdagens langdistanse med skibrekk! Imponerende innsats gutter! Lykke til videre!<\/p>\n","protected":false},"author":41,"featured_media":0,"comment_status":"open","ping_status":"closed","sticky":false,"template":"","format":"standard","meta":{"footnotes":""},"categories":[17,4,10],"tags":[],"class_list":["post-10820","post","type-post","status-publish","format-standard","hentry","category-eksternt","category-elite","category-sportslig"],"_links":{"self":[{"href":"https:\/\/nydalen.idrett.no\/orientering\/wp-json\/wp\/v2\/posts\/10820","targetHints":{"allow":["GET"]}}],"collection":[{"href":"https:\/\/nydalen.idrett.no\/orientering\/wp-json\/wp\/v2\/posts"}],"about":[{"href":"https:\/\/nydalen.idrett.no\/orientering\/wp-json\/wp\/v2\/types\/post"}],"author":[{"embeddable":true,"href":"https:\/\/nydalen.idrett.no\/orientering\/wp-json\/wp\/v2\/users\/41"}],"replies":[{"embeddable":true,"href":"https:\/\/nydalen.idrett.no\/orientering\/wp-json\/wp\/v2\/comments?post=10820"}],"version-history":[{"count":2,"href":"https:\/\/nydalen.idrett.no\/orientering\/wp-json\/wp\/v2\/posts\/10820\/revisions"}],"predecessor-version":[{"id":10822,"href":"https:\/\/nydalen.idrett.no\/orientering\/wp-json\/wp\/v2\/posts\/10820\/revisions\/10822"}],"wp:attachment":[{"href":"https:\/\/nydalen.idrett.no\/orientering\/wp-json\/wp\/v2\/media?parent=10820"}],"wp:term":[{"taxonomy":"category","embeddable":true,"href":"https:\/\/nydalen.idrett.no\/orientering\/wp-json\/wp\/v2\/categories?post=10820"},{"taxonomy":"post_tag","embeddable":true,"href":"https:\/\/nydalen.idrett.no\/orientering\/wp-json\/wp\/v2\/tags?post=10820"}],"curies":[{"name":"wp","href":"https:\/\/api.w.org\/{rel}","templated":true}]}}