{"id":10693,"date":"2014-01-04T14:07:46","date_gmt":"2014-01-04T13:07:46","guid":{"rendered":"http:\/\/nydalen.idrett.no\/orientering\/?p=10693"},"modified":"2014-01-04T14:14:10","modified_gmt":"2014-01-04T13:14:10","slug":"nye-lopere-til-nydalens-skiklub","status":"publish","type":"post","link":"https:\/\/nydalen.idrett.no\/orientering\/2014\/01\/04\/nye-lopere-til-nydalens-skiklub\/","title":{"rendered":"Nye l\u00f8pere til Nydalens Skiklub"},"content":{"rendered":"<p>Det blir stadig t\u00f8ffere kamp om \u00e5 komme p\u00e5 klubbens f\u00f8rstelag denne sesongen &#8211; og det setter vi stor pris p\u00e5! Blant de siste tilskuddene m\u00e5 vi nevne tre navn; Anne Johanne Lind, Louise Oram og Jostein N\u00f8rbech. <!--more-->Anne Johanne Lind har meldt overgang fra Tyrving. Hun satser mye p\u00e5 sprint, men har ogs\u00e5 gode meritter fra skogen, som bl.a. beste etappetid i Tio og en 2. plass i NM mellom for junior. Foto under er hentet fra smaalene.no<\/p>\n<p>Louise Oram er fra Canada, og har bl.a. deltatt i ikke mindre enn \u00e5tte VM, der hun har n\u00e5dd finalen flere ganger. Foto under fra worldofo.com.<\/p>\n<p>Jostein kommer ogs\u00e5 fra Tyrving, og er en bl.a. en skarp natt- og stafettl\u00f8per. 2. beste etappetid i Jukola og en 6. plass NM natt er solide elementer p\u00e5 CVen.<\/p>\n<p>Velkommen i burgunder &#8211; alle tre!<\/p>\n<p><a href=\"http:\/\/nydalen.idrett.no\/orientering\/wp-content\/uploads\/2014\/01\/AJL.jpg\"><img loading=\"lazy\" decoding=\"async\" class=\"alignleft size-full wp-image-10694\" alt=\"AJL\" src=\"http:\/\/nydalen.idrett.no\/orientering\/wp-content\/uploads\/2014\/01\/AJL.jpg\" width=\"402\" height=\"316\" \/><br \/>\n<\/a><\/p>\n<p><a href=\"http:\/\/nydalen.idrett.no\/orientering\/wp-content\/uploads\/2014\/01\/AJL.jpg\">\u00a0<\/a><\/p>\n<p>&nbsp;<\/p>\n<p>&nbsp;<\/p>\n<p>&nbsp;<\/p>\n<p>&nbsp;<\/p>\n<p>&nbsp;<\/p>\n<p><a href=\"http:\/\/nydalen.idrett.no\/orientering\/wp-content\/uploads\/2014\/01\/LO.jpg\"><img loading=\"lazy\" decoding=\"async\" class=\"alignleft size-full wp-image-10695\" style=\"width: 394px; height: 402px;\" alt=\"LO\" src=\"http:\/\/nydalen.idrett.no\/orientering\/wp-content\/uploads\/2014\/01\/LO.jpg\" width=\"372\" height=\"389\" \/><br \/>\n<\/a><\/p>\n<p>&nbsp;<\/p>\n<p>&nbsp;<\/p>\n<p>&nbsp;<\/p>\n<p>&nbsp;<\/p>\n<p>&nbsp;<\/p>\n<p>&nbsp;<\/p>\n<p>&nbsp;<\/p>\n<p>&nbsp;<\/p>\n<p><a href=\"http:\/\/nydalen.idrett.no\/orientering\/wp-content\/uploads\/2014\/01\/jn.jpg\"><img loading=\"lazy\" decoding=\"async\" class=\"alignleft size-full wp-image-10701\" alt=\"jn\" src=\"http:\/\/nydalen.idrett.no\/orientering\/wp-content\/uploads\/2014\/01\/jn.jpg\" width=\"146\" height=\"192\" \/><br \/>\n<\/a><\/p>\n","protected":false},"excerpt":{"rendered":"<p>Det blir stadig t\u00f8ffere kamp om \u00e5 komme p\u00e5 klubbens f\u00f8rstelag denne sesongen &#8211; og det setter vi stor pris p\u00e5! Blant de siste tilskuddene m\u00e5 vi nevne tre navn; Anne Johanne Lind, Louise Oram og Jostein N\u00f8rbech.<\/p>\n","protected":false},"author":12,"featured_media":0,"comment_status":"open","ping_status":"closed","sticky":false,"template":"","format":"standard","meta":{"footnotes":""},"categories":[4,10],"tags":[],"class_list":["post-10693","post","type-post","status-publish","format-standard","hentry","category-elite","category-sportslig"],"_links":{"self":[{"href":"https:\/\/nydalen.idrett.no\/orientering\/wp-json\/wp\/v2\/posts\/10693","targetHints":{"allow":["GET"]}}],"collection":[{"href":"https:\/\/nydalen.idrett.no\/orientering\/wp-json\/wp\/v2\/posts"}],"about":[{"href":"https:\/\/nydalen.idrett.no\/orientering\/wp-json\/wp\/v2\/types\/post"}],"author":[{"embeddable":true,"href":"https:\/\/nydalen.idrett.no\/orientering\/wp-json\/wp\/v2\/users\/12"}],"replies":[{"embeddable":true,"href":"https:\/\/nydalen.idrett.no\/orientering\/wp-json\/wp\/v2\/comments?post=10693"}],"version-history":[{"count":7,"href":"https:\/\/nydalen.idrett.no\/orientering\/wp-json\/wp\/v2\/posts\/10693\/revisions"}],"predecessor-version":[{"id":10703,"href":"https:\/\/nydalen.idrett.no\/orientering\/wp-json\/wp\/v2\/posts\/10693\/revisions\/10703"}],"wp:attachment":[{"href":"https:\/\/nydalen.idrett.no\/orientering\/wp-json\/wp\/v2\/media?parent=10693"}],"wp:term":[{"taxonomy":"category","embeddable":true,"href":"https:\/\/nydalen.idrett.no\/orientering\/wp-json\/wp\/v2\/categories?post=10693"},{"taxonomy":"post_tag","embeddable":true,"href":"https:\/\/nydalen.idrett.no\/orientering\/wp-json\/wp\/v2\/tags?post=10693"}],"curies":[{"name":"wp","href":"https:\/\/api.w.org\/{rel}","templated":true}]}}