{"id":10598,"date":"2013-11-17T21:07:22","date_gmt":"2013-11-17T20:07:22","guid":{"rendered":"http:\/\/nydalen.idrett.no\/orientering\/?p=10598"},"modified":"2013-11-17T21:09:32","modified_gmt":"2013-11-17T20:09:32","slug":"tiosamling-i-eksjo","status":"publish","type":"post","link":"https:\/\/nydalen.idrett.no\/orientering\/2013\/11\/17\/tiosamling-i-eksjo\/","title":{"rendered":"Tiosamling i Eksj\u00f6"},"content":{"rendered":"<div id=\"attachment_10599\" style=\"width: 510px\" class=\"wp-caption alignnone\"><a href=\"http:\/\/nydalen.idrett.no\/orientering\/wp-content\/uploads\/2013\/11\/ystein-e1384717903746.jpg\"><img loading=\"lazy\" decoding=\"async\" aria-describedby=\"caption-attachment-10599\" class=\"size-medium wp-image-10599\" alt=\"\u00d8ystein\" src=\"http:\/\/nydalen.idrett.no\/orientering\/wp-content\/uploads\/2013\/11\/\u00d8ystein-500x332.jpg\" width=\"500\" height=\"332\" \/><\/a><p id=\"caption-attachment-10599\" class=\"wp-caption-text\">\u00d8ystein<\/p><\/div>\n<p>NTNUI inviterte b\u00e5de Nydalen og Frol med p\u00e5 sin Tiosamling.<\/p>\n<p><!--more-->Sammen fikk vi en veldig god samling, med 6 \u00f8kter fra neste \u00e5rs arrang\u00f8r. H\u00f8y kvalitet p\u00e5 kart og l\u00f8yper i Sm\u00e5land lover godt for Tiomila 2014. Neste \u00e5r blir det flere nyheter, spesielt for herrene som starter 19.30 (mye natt) og har kort sisteetappe. Det er bra terreng helt inn til arenaen, og samtlige klasser f\u00e5r lite snitsling (400 meter). Jaktstarten under O-ringen 2009 gikk i samme terreng.<\/p>\n<p>P\u00e5 samlingen l\u00f8p vi 4 rolige og 2 harde \u00f8kter, og inntil 3 natt\u00f8kter.<\/p>\n<div id=\"attachment_10601\" style=\"width: 510px\" class=\"wp-caption alignnone\"><a href=\"http:\/\/nydalen.idrett.no\/orientering\/wp-content\/uploads\/2013\/11\/Ingeborg-e1384718140441.jpg\"><img loading=\"lazy\" decoding=\"async\" aria-describedby=\"caption-attachment-10601\" class=\"size-medium wp-image-10601\" alt=\"Ingeborg\" src=\"http:\/\/nydalen.idrett.no\/orientering\/wp-content\/uploads\/2013\/11\/Ingeborg-500x332.jpg\" width=\"500\" height=\"332\" \/><\/a><p id=\"caption-attachment-10601\" class=\"wp-caption-text\">Ingeborg<\/p><\/div>\n<div id=\"attachment_10600\" style=\"width: 510px\" class=\"wp-caption alignnone\"><a href=\"http:\/\/nydalen.idrett.no\/orientering\/wp-content\/uploads\/2013\/11\/Karen-e1384718190567.jpg\"><img loading=\"lazy\" decoding=\"async\" aria-describedby=\"caption-attachment-10600\" class=\"size-medium wp-image-10600\" alt=\"Karen\" src=\"http:\/\/nydalen.idrett.no\/orientering\/wp-content\/uploads\/2013\/11\/Karen-500x332.jpg\" width=\"500\" height=\"332\" \/><\/a><p id=\"caption-attachment-10600\" class=\"wp-caption-text\">Karen<\/p><\/div>\n<p>Anders minnet om at det er november \u2013 kanskje vi skal t\u00f8rre \u00e5 sette ned farten et lite hakk p\u00e5 hard\u00f8ktene, slik at vi \u00f8ker sjansen for \u00e5 plukke postene fint med god flyt. For hvis vi ikke t\u00f8r det n\u00e5 \u2013 n\u00e5r skal vi t\u00f8rre det da?<\/p>\n<p>Ryktene sier at guttas fellesstart p\u00e5 natta ble l\u00f8pt etter denne oppskriften, og at Nydalen blandet seg inn i tetstriden med flere l\u00f8pere. Bare vent til dere f\u00e5r se \u00d8ystein sin leksjon i steinhard kurs gjennom gr\u00f8nt \u2013 kommer i <a title=\"kartarkivet\" href=\"http:\/\/kartarkiv.nydalen.idrett.no\/index.php?user=OysteinSorensen\" target=\"_blank\">kartarkivet<\/a>\u00a0snart. Fra jentenes fellesstart i dagslys rapporteres det at en splitter ny Nydals-overdel funket fint \u00e5 l\u00f8pe alene i tet med.<\/p>\n<p>Vi var tre NSK-debutanter (Ingeborg, Anders og Anne Margrethe), tre rutinerte (Karen, Lars og \u00d8ystein) og en maskot (Tarjei). Ingeborg innkj\u00f8rte en av klubbens nye Lupine-lykter i naboterrenget til Tio. Lars klarte i tillegg til trening og sjakk muligens \u00e5 selge Passaten sin til \u00d8ystein. Bilturene gikk radig takket v\u00e6re DJ Karens partyliste og maskotens Brannmann Sam-DVD. Alle fikk sin dose pizza og kebab.<\/p>\n<div id=\"attachment_10602\" style=\"width: 510px\" class=\"wp-caption alignnone\"><a href=\"http:\/\/nydalen.idrett.no\/orientering\/wp-content\/uploads\/2013\/11\/Lars-e1384718095482.jpg\"><img loading=\"lazy\" decoding=\"async\" aria-describedby=\"caption-attachment-10602\" class=\"size-medium wp-image-10602\" alt=\"Lars\" src=\"http:\/\/nydalen.idrett.no\/orientering\/wp-content\/uploads\/2013\/11\/Lars-500x332.jpg\" width=\"500\" height=\"332\" \/><\/a><p id=\"caption-attachment-10602\" class=\"wp-caption-text\">Lars<\/p><\/div>\n<div id=\"attachment_10603\" style=\"width: 510px\" class=\"wp-caption alignnone\"><a href=\"http:\/\/nydalen.idrett.no\/orientering\/wp-content\/uploads\/2013\/11\/Anne-Margrethe-e1384718043712.jpg\"><img loading=\"lazy\" decoding=\"async\" aria-describedby=\"caption-attachment-10603\" class=\"size-medium wp-image-10603\" alt=\"Anne Margrethe\" src=\"http:\/\/nydalen.idrett.no\/orientering\/wp-content\/uploads\/2013\/11\/Anne-Margrethe-500x332.jpg\" width=\"500\" height=\"332\" \/><\/a><p id=\"caption-attachment-10603\" class=\"wp-caption-text\">Anne Margrethe<\/p><\/div>\n<p>De to hyttene vi bodde i var virkelig p\u00e5 skauen. Det var d\u00e5rlig med 3G\/TV, og man m\u00e5tte rett og slett prate med hverandre. Vi fra 70-tallet kan jo dette gamet, men ogs\u00e5 90-tallister skr\u00f8t av konseptet. NTNUI imponerte med b\u00e5de treningskultur og punktlighet, og 24 l\u00f8pere p\u00e5 samling i november er sterkt. Vi er takknemlig for \u00e5 bli invitert med, og takker for sv\u00e6rt godt utbytte b\u00e5de treningsmessig og sosialt.<\/p>\n<p>&#8211; Anne Margrethe<\/p>\n","protected":false},"excerpt":{"rendered":"<p>NTNUI inviterte b\u00e5de Nydalen og Frol med p\u00e5 sin Tiosamling.<\/p>\n","protected":false},"author":40,"featured_media":0,"comment_status":"open","ping_status":"closed","sticky":false,"template":"","format":"standard","meta":{"footnotes":""},"categories":[4,35,10],"tags":[],"class_list":["post-10598","post","type-post","status-publish","format-standard","hentry","category-elite","category-klubbturer","category-sportslig"],"_links":{"self":[{"href":"https:\/\/nydalen.idrett.no\/orientering\/wp-json\/wp\/v2\/posts\/10598","targetHints":{"allow":["GET"]}}],"collection":[{"href":"https:\/\/nydalen.idrett.no\/orientering\/wp-json\/wp\/v2\/posts"}],"about":[{"href":"https:\/\/nydalen.idrett.no\/orientering\/wp-json\/wp\/v2\/types\/post"}],"author":[{"embeddable":true,"href":"https:\/\/nydalen.idrett.no\/orientering\/wp-json\/wp\/v2\/users\/40"}],"replies":[{"embeddable":true,"href":"https:\/\/nydalen.idrett.no\/orientering\/wp-json\/wp\/v2\/comments?post=10598"}],"version-history":[{"count":3,"href":"https:\/\/nydalen.idrett.no\/orientering\/wp-json\/wp\/v2\/posts\/10598\/revisions"}],"predecessor-version":[{"id":10849,"href":"https:\/\/nydalen.idrett.no\/orientering\/wp-json\/wp\/v2\/posts\/10598\/revisions\/10849"}],"wp:attachment":[{"href":"https:\/\/nydalen.idrett.no\/orientering\/wp-json\/wp\/v2\/media?parent=10598"}],"wp:term":[{"taxonomy":"category","embeddable":true,"href":"https:\/\/nydalen.idrett.no\/orientering\/wp-json\/wp\/v2\/categories?post=10598"},{"taxonomy":"post_tag","embeddable":true,"href":"https:\/\/nydalen.idrett.no\/orientering\/wp-json\/wp\/v2\/tags?post=10598"}],"curies":[{"name":"wp","href":"https:\/\/api.w.org\/{rel}","templated":true}]}}